[{"@context":"https:\/\/schema.org\/","@type":"Blog","@id":"https:\/\/www.reflek.cz#Blog","headline":"Reflek","description":"\nJenom ten, kdo dok\u00e1\u017ee d\u00e1t dohromady dostatek pen\u011bz, si m\u016f\u017ee b\u00fdt jist t\u00edm, \u017ee v\u00a0\u017eivot\u011b obstoj\u00ed. Ti ostatn\u00ed takov\u00e9 \u0161t\u011bst\u00ed nemaj\u00ed a vedou o pozn\u00e1n\u00ed hor\u0161\u00ed \u017eivot.","url":"https:\/\/www.reflek.cz","hasPart":[{"@type":"Article","@id":"https:\/\/www.reflek.cz\/penez-nebyva-dost\/","headline":"Pen\u011bz neb\u00fdv\u00e1 dost","url":"https:\/\/www.reflek.cz\/penez-nebyva-dost\/","datePublished":"2025-12-25","dateModified":"2025-12-25","mainEntityOfPage":"https:\/\/www.reflek.cz\/penez-nebyva-dost\/","author":{"@type":"Person","@id":"https:\/\/www.reflek.cz\/author\/#Person","name":"","url":"https:\/\/www.reflek.cz\/author\/","identifier":1,"image":{"@type":"ImageObject","@id":"https:\/\/secure.gravatar.com\/avatar\/f7b3e8bb7f7cc0c6ca940e74a10b952be4c7d81de8a980387c865f88889f02e3?s=96&d=mm&r=g","url":"https:\/\/secure.gravatar.com\/avatar\/f7b3e8bb7f7cc0c6ca940e74a10b952be4c7d81de8a980387c865f88889f02e3?s=96&d=mm&r=g","height":96,"width":96}},"publisher":{"@type":"Organization","name":"reflek.cz","logo":{"@type":"ImageObject","@id":"\/logo.png","url":"\/logo.png","width":600,"height":60}},"image":{"@type":"ImageObject","@id":"https:\/\/www.reflek.cz\/wp-content\/uploads\/pppppppppp_10_10_10_10_10_1.jpg","url":"https:\/\/www.reflek.cz\/wp-content\/uploads\/pppppppppp_10_10_10_10_10_1.jpg","height":0,"width":0},"wordCount":672,"keywords":null},{"@type":"Article","@id":"https:\/\/www.reflek.cz\/jeste-ze-existuji-pujcky\/","headline":"Je\u0161t\u011b \u017ee existuj\u00ed p\u016fj\u010dky","url":"https:\/\/www.reflek.cz\/jeste-ze-existuji-pujcky\/","datePublished":"2025-08-05","dateModified":"2025-08-05","mainEntityOfPage":"https:\/\/www.reflek.cz\/jeste-ze-existuji-pujcky\/","author":{"@type":"Person","@id":"https:\/\/www.reflek.cz\/author\/#Person","name":"","url":"https:\/\/www.reflek.cz\/author\/","identifier":1,"image":{"@type":"ImageObject","@id":"https:\/\/secure.gravatar.com\/avatar\/f7b3e8bb7f7cc0c6ca940e74a10b952be4c7d81de8a980387c865f88889f02e3?s=96&d=mm&r=g","url":"https:\/\/secure.gravatar.com\/avatar\/f7b3e8bb7f7cc0c6ca940e74a10b952be4c7d81de8a980387c865f88889f02e3?s=96&d=mm&r=g","height":96,"width":96}},"publisher":{"@type":"Organization","name":"reflek.cz","logo":{"@type":"ImageObject","@id":"\/logo.png","url":"\/logo.png","width":600,"height":60}},"image":{"@type":"ImageObject","@id":"https:\/\/www.reflek.cz\/wp-content\/uploads\/ppppppppppppppppppp_10_10_10_9.jpg","url":"https:\/\/www.reflek.cz\/wp-content\/uploads\/ppppppppppppppppppp_10_10_10_9.jpg","height":0,"width":0},"wordCount":561,"keywords":null},{"@type":"Article","@id":"https:\/\/www.reflek.cz\/proc-je-dulezite-mit-uzivatelsky-prijemny-e-shop\/","headline":"Pro\u010d je d\u016fle\u017eit\u00e9 m\u00edt u\u017eivatelsky p\u0159\u00edjemn\u00fd e-shop","url":"https:\/\/www.reflek.cz\/proc-je-dulezite-mit-uzivatelsky-prijemny-e-shop\/","datePublished":"2025-08-04","dateModified":"2025-08-04","mainEntityOfPage":"https:\/\/www.reflek.cz\/proc-je-dulezite-mit-uzivatelsky-prijemny-e-shop\/","author":{"@type":"Person","@id":"https:\/\/www.reflek.cz\/author\/#Person","name":"","url":"https:\/\/www.reflek.cz\/author\/","identifier":1,"image":{"@type":"ImageObject","@id":"https:\/\/secure.gravatar.com\/avatar\/f7b3e8bb7f7cc0c6ca940e74a10b952be4c7d81de8a980387c865f88889f02e3?s=96&d=mm&r=g","url":"https:\/\/secure.gravatar.com\/avatar\/f7b3e8bb7f7cc0c6ca940e74a10b952be4c7d81de8a980387c865f88889f02e3?s=96&d=mm&r=g","height":96,"width":96}},"publisher":{"@type":"Organization","name":"reflek.cz","logo":{"@type":"ImageObject","@id":"\/logo.png","url":"\/logo.png","width":600,"height":60}},"image":{"@type":"ImageObject","@id":"https:\/\/www.reflek.cz\/wp-content\/uploads\/rupixen-Q59HmzK38eQ-unsplash_3.jpg","url":"https:\/\/www.reflek.cz\/wp-content\/uploads\/rupixen-Q59HmzK38eQ-unsplash_3.jpg","height":0,"width":0},"wordCount":564,"keywords":null},{"@type":"Article","@id":"https:\/\/www.reflek.cz\/darujte-darek-opravdovym-gurmanum\/","headline":"Darujte d\u00e1rek opravdov\u00fdm gurm\u00e1n\u016fm","url":"https:\/\/www.reflek.cz\/darujte-darek-opravdovym-gurmanum\/","datePublished":"2025-07-04","dateModified":"2025-07-04","mainEntityOfPage":"https:\/\/www.reflek.cz\/darujte-darek-opravdovym-gurmanum\/","author":{"@type":"Person","@id":"https:\/\/www.reflek.cz\/author\/#Person","name":"","url":"https:\/\/www.reflek.cz\/author\/","identifier":1,"image":{"@type":"ImageObject","@id":"https:\/\/secure.gravatar.com\/avatar\/f7b3e8bb7f7cc0c6ca940e74a10b952be4c7d81de8a980387c865f88889f02e3?s=96&d=mm&r=g","url":"https:\/\/secure.gravatar.com\/avatar\/f7b3e8bb7f7cc0c6ca940e74a10b952be4c7d81de8a980387c865f88889f02e3?s=96&d=mm&r=g","height":96,"width":96}},"publisher":{"@type":"Organization","name":"reflek.cz","logo":{"@type":"ImageObject","@id":"\/logo.png","url":"\/logo.png","width":600,"height":60}},"image":{"@type":"ImageObject","@id":"https:\/\/www.reflek.cz\/wp-content\/uploads\/anju-ravindranath-Nihdo084Yos-unsplash.jpg","url":"https:\/\/www.reflek.cz\/wp-content\/uploads\/anju-ravindranath-Nihdo084Yos-unsplash.jpg","height":0,"width":0},"wordCount":625,"keywords":null},{"@type":"Article","@id":"https:\/\/www.reflek.cz\/seo-optimalizace\/","headline":"SEO optimalizace","url":"https:\/\/www.reflek.cz\/seo-optimalizace\/","datePublished":"2025-04-27","dateModified":"2025-04-27","mainEntityOfPage":"https:\/\/www.reflek.cz\/seo-optimalizace\/","author":{"@type":"Person","@id":"https:\/\/www.reflek.cz\/author\/#Person","name":"","url":"https:\/\/www.reflek.cz\/author\/","identifier":1,"image":{"@type":"ImageObject","@id":"https:\/\/secure.gravatar.com\/avatar\/f7b3e8bb7f7cc0c6ca940e74a10b952be4c7d81de8a980387c865f88889f02e3?s=96&d=mm&r=g","url":"https:\/\/secure.gravatar.com\/avatar\/f7b3e8bb7f7cc0c6ca940e74a10b952be4c7d81de8a980387c865f88889f02e3?s=96&d=mm&r=g","height":96,"width":96}},"publisher":{"@type":"Organization","name":"reflek.cz","logo":{"@type":"ImageObject","@id":"\/logo.png","url":"\/logo.png","width":600,"height":60}},"image":null,"wordCount":213,"keywords":null},{"@type":"Article","@id":"https:\/\/www.reflek.cz\/tonovani-autoskel\/","headline":"T\u00f3nov\u00e1n\u00ed autoskel","url":"https:\/\/www.reflek.cz\/tonovani-autoskel\/","datePublished":"2025-04-20","dateModified":"2025-04-20","mainEntityOfPage":"https:\/\/www.reflek.cz\/tonovani-autoskel\/","author":{"@type":"Person","@id":"https:\/\/www.reflek.cz\/author\/#Person","name":"","url":"https:\/\/www.reflek.cz\/author\/","identifier":1,"image":{"@type":"ImageObject","@id":"https:\/\/secure.gravatar.com\/avatar\/f7b3e8bb7f7cc0c6ca940e74a10b952be4c7d81de8a980387c865f88889f02e3?s=96&d=mm&r=g","url":"https:\/\/secure.gravatar.com\/avatar\/f7b3e8bb7f7cc0c6ca940e74a10b952be4c7d81de8a980387c865f88889f02e3?s=96&d=mm&r=g","height":96,"width":96}},"publisher":{"@type":"Organization","name":"reflek.cz","logo":{"@type":"ImageObject","@id":"\/logo.png","url":"\/logo.png","width":600,"height":60}},"image":null,"wordCount":258,"keywords":null},{"@type":"Article","@id":"https:\/\/www.reflek.cz\/sportovni-obleceni\/","headline":"Sportovn\u00ed oble\u010den\u00ed","url":"https:\/\/www.reflek.cz\/sportovni-obleceni\/","datePublished":"2025-04-13","dateModified":"2025-04-13","mainEntityOfPage":"https:\/\/www.reflek.cz\/sportovni-obleceni\/","author":{"@type":"Person","@id":"https:\/\/www.reflek.cz\/author\/#Person","name":"","url":"https:\/\/www.reflek.cz\/author\/","identifier":1,"image":{"@type":"ImageObject","@id":"https:\/\/secure.gravatar.com\/avatar\/f7b3e8bb7f7cc0c6ca940e74a10b952be4c7d81de8a980387c865f88889f02e3?s=96&d=mm&r=g","url":"https:\/\/secure.gravatar.com\/avatar\/f7b3e8bb7f7cc0c6ca940e74a10b952be4c7d81de8a980387c865f88889f02e3?s=96&d=mm&r=g","height":96,"width":96}},"publisher":{"@type":"Organization","name":"reflek.cz","logo":{"@type":"ImageObject","@id":"\/logo.png","url":"\/logo.png","width":600,"height":60}},"image":null,"wordCount":265,"keywords":null},{"@type":"Article","@id":"https:\/\/www.reflek.cz\/fotovoltaicka-elektrarna-ma-pro-vas-spoustu-vyhod\/","headline":"Fotovoltaick\u00e1 elektr\u00e1rna m\u00e1 pro v\u00e1s spoustu v\u00fdhod","url":"https:\/\/www.reflek.cz\/fotovoltaicka-elektrarna-ma-pro-vas-spoustu-vyhod\/","datePublished":"2025-04-06","dateModified":"2025-04-06","mainEntityOfPage":"https:\/\/www.reflek.cz\/fotovoltaicka-elektrarna-ma-pro-vas-spoustu-vyhod\/","author":{"@type":"Person","@id":"https:\/\/www.reflek.cz\/author\/#Person","name":"","url":"https:\/\/www.reflek.cz\/author\/","identifier":1,"image":{"@type":"ImageObject","@id":"https:\/\/secure.gravatar.com\/avatar\/f7b3e8bb7f7cc0c6ca940e74a10b952be4c7d81de8a980387c865f88889f02e3?s=96&d=mm&r=g","url":"https:\/\/secure.gravatar.com\/avatar\/f7b3e8bb7f7cc0c6ca940e74a10b952be4c7d81de8a980387c865f88889f02e3?s=96&d=mm&r=g","height":96,"width":96}},"publisher":{"@type":"Organization","name":"reflek.cz","logo":{"@type":"ImageObject","@id":"\/logo.png","url":"\/logo.png","width":600,"height":60}},"image":{"@type":"ImageObject","@id":"https:\/\/www.reflek.cz\/wp-content\/uploads\/giorgio-trovato-mIlvCv21W1s-unsplash.jpg","url":"https:\/\/www.reflek.cz\/wp-content\/uploads\/giorgio-trovato-mIlvCv21W1s-unsplash.jpg","height":0,"width":0},"wordCount":714,"keywords":null},{"@type":"Article","@id":"https:\/\/www.reflek.cz\/specializovany-e-shop-na-led-svetla\/","headline":"Specializovan\u00fd e-shop na led sv\u011btla","url":"https:\/\/www.reflek.cz\/specializovany-e-shop-na-led-svetla\/","datePublished":"2025-04-05","dateModified":"2025-04-05","mainEntityOfPage":"https:\/\/www.reflek.cz\/specializovany-e-shop-na-led-svetla\/","author":{"@type":"Person","@id":"https:\/\/www.reflek.cz\/author\/#Person","name":"","url":"https:\/\/www.reflek.cz\/author\/","identifier":1,"image":{"@type":"ImageObject","@id":"https:\/\/secure.gravatar.com\/avatar\/f7b3e8bb7f7cc0c6ca940e74a10b952be4c7d81de8a980387c865f88889f02e3?s=96&d=mm&r=g","url":"https:\/\/secure.gravatar.com\/avatar\/f7b3e8bb7f7cc0c6ca940e74a10b952be4c7d81de8a980387c865f88889f02e3?s=96&d=mm&r=g","height":96,"width":96}},"publisher":{"@type":"Organization","name":"reflek.cz","logo":{"@type":"ImageObject","@id":"\/logo.png","url":"\/logo.png","width":600,"height":60}},"image":null,"wordCount":285,"keywords":null},{"@type":"Article","@id":"https:\/\/www.reflek.cz\/nezapomenutelny-zazitek-seskok-padakem\/","headline":"Nezapomenuteln\u00fd z\u00e1\u017eitek \u2013 seskok pad\u00e1kem","url":"https:\/\/www.reflek.cz\/nezapomenutelny-zazitek-seskok-padakem\/","datePublished":"2025-04-03","dateModified":"2025-04-03","mainEntityOfPage":"https:\/\/www.reflek.cz\/nezapomenutelny-zazitek-seskok-padakem\/","author":{"@type":"Person","@id":"https:\/\/www.reflek.cz\/author\/#Person","name":"","url":"https:\/\/www.reflek.cz\/author\/","identifier":1,"image":{"@type":"ImageObject","@id":"https:\/\/secure.gravatar.com\/avatar\/f7b3e8bb7f7cc0c6ca940e74a10b952be4c7d81de8a980387c865f88889f02e3?s=96&d=mm&r=g","url":"https:\/\/secure.gravatar.com\/avatar\/f7b3e8bb7f7cc0c6ca940e74a10b952be4c7d81de8a980387c865f88889f02e3?s=96&d=mm&r=g","height":96,"width":96}},"publisher":{"@type":"Organization","name":"reflek.cz","logo":{"@type":"ImageObject","@id":"\/logo.png","url":"\/logo.png","width":600,"height":60}},"image":{"@type":"ImageObject","@id":"https:\/\/www.reflek.cz\/wp-content\/uploads\/tandem-jump-5276231_640_2.jpg","url":"https:\/\/www.reflek.cz\/wp-content\/uploads\/tandem-jump-5276231_640_2.jpg","height":0,"width":0},"wordCount":581,"keywords":null}]},{"@context":"https:\/\/schema.org","@type":"WebSite","@id":"https:\/\/www.reflek.cz\/#website","name":"Reflek","url":"https:\/\/www.reflek.cz","potentialAction":{"@type":"SearchAction","target":"https:\/\/www.reflek.cz\/?s={search_term_string}","query-input":"required name=search_term_string"}}]