[{"@context":"https:\/\/schema.org\/","@type":"Article","@id":"https:\/\/www.reflek.cz\/co-prijde-a-ceho-se-vyvarovat\/#Article","mainEntityOfPage":"https:\/\/www.reflek.cz\/co-prijde-a-ceho-se-vyvarovat\/","headline":"Co p\u0159ijde a \u010deho se vyvarovat","name":"Co p\u0159ijde a \u010deho se vyvarovat","description":"Nechcete b\u00fdt p\u0159ekvapeni hned po p\u0159\u00edchodu nov\u00e9ho roku, a proto byste cht\u011bli v\u011bd\u011bt, co p\u0159ijde nebo \u010deho se m\u00e1te.","datePublished":"2025-03-05","dateModified":"2025-03-05","author":{"@type":"Person","@id":"https:\/\/www.reflek.cz\/author\/#Person","name":"","url":"https:\/\/www.reflek.cz\/author\/","identifier":1,"image":{"@type":"ImageObject","@id":"https:\/\/secure.gravatar.com\/avatar\/f7b3e8bb7f7cc0c6ca940e74a10b952be4c7d81de8a980387c865f88889f02e3?s=96&d=mm&r=g","url":"https:\/\/secure.gravatar.com\/avatar\/f7b3e8bb7f7cc0c6ca940e74a10b952be4c7d81de8a980387c865f88889f02e3?s=96&d=mm&r=g","height":96,"width":96}},"publisher":{"@type":"Organization","name":"reflek.cz","logo":{"@type":"ImageObject","@id":"\/logo.png","url":"\/logo.png","width":600,"height":60}},"url":"https:\/\/www.reflek.cz\/co-prijde-a-ceho-se-vyvarovat\/","wordCount":215,"articleBody":"Nechcete b\u00fdt p\u0159ekvapeni hned po p\u0159\u00edchodu nov\u00e9ho roku, a proto byste cht\u011bli v\u011bd\u011bt, co p\u0159ijde nebo \u010deho se m\u00e1te vyvarovat? Chcete v\u011bd\u011bt, jestli bude V\u00e1\u0161 start v nov\u00e9m roce \u00fasp\u011b\u0161n\u00fd nebo jestli na V\u00e1s \u010dekaj\u00ed n\u011bjak\u00e9 zm\u011bny a p\u0159ek\u00e1\u017eky? Tak u\u017e na nic ne\u010dekejte a prohl\u00e9dn\u011bte si sv\u016fj horoskop na leden a nic V\u00e1s u\u017e nep\u0159ekvap\u00ed. Budete p\u0159ipraveni a mo\u017en\u00e1 dokonce budete moci i n\u011bco m\u00e1lo zm\u011bnit, je to jen na V\u00e1s. Co V\u00e1m hv\u011bzdy nab\u00edzej\u00ed \u010clov\u011bk nikdy nev\u00ed, co ho v \u017eivot\u011b potk\u00e1, ale pokud se dop\u0159edu pod\u00edv\u00e1 na sv\u016fj horoskop, m\u016f\u017ee b\u00fdt p\u0159ipraven na eventuality a mo\u017enosti, kter\u00e9 mu hv\u011bzdy nab\u00edzej\u00ed. M\u011bs\u00edc leden b\u00fdv\u00e1 pro v\u011bt\u0161inu lid\u00ed zlomov\u00fd, proto\u017ee jako za\u010d\u00e1tek nov\u00e9ho roku se bere i jako nov\u00fd start a nov\u00fd za\u010d\u00e1tek pro vztahy a zam\u011bstn\u00e1n\u00ed a spoustu dal\u0161\u00edch v\u011bc\u00ed. Pr\u00e1v\u011b proto jsme tu my a na\u0161e p\u0159esn\u00e9 p\u0159edpov\u011bdi, kter\u00e9 V\u00e1m pomohou p\u0159i Va\u0161ich nov\u00fdch za\u010d\u00e1tc\u00edch.                                                                                                                                                                                                                                                                                                                                                                                                "},{"@context":"https:\/\/schema.org\/","@type":"BreadcrumbList","itemListElement":[{"@type":"ListItem","position":1,"name":"Co p\u0159ijde a \u010deho se vyvarovat","item":"https:\/\/www.reflek.cz\/co-prijde-a-ceho-se-vyvarovat\/#breadcrumbitem"}]}]