{"@context":"https:\/\/schema.org\/","@type":"CollectionPage","@id":"https:\/\/www.reflek.cz\/deti\/#CollectionPage","headline":"D\u011bti Category","description":"","url":"https:\/\/www.reflek.cz\/deti\/","hasPart":[{"@type":"Article","@id":"https:\/\/www.reflek.cz\/5-jednoduchych-tipu-pro-rodice-na-pripravu-zpet-do-skoly\/","headline":"5 jednoduch\u00fdch tip\u016f pro rodi\u010de na p\u0159\u00edpravu zp\u011bt do \u0161koly","url":"https:\/\/www.reflek.cz\/5-jednoduchych-tipu-pro-rodice-na-pripravu-zpet-do-skoly\/","datePublished":"2022-07-09","dateModified":"2023-05-18","mainEntityOfPage":"https:\/\/www.reflek.cz\/5-jednoduchych-tipu-pro-rodice-na-pripravu-zpet-do-skoly\/","author":{"@type":"Person","@id":"https:\/\/www.reflek.cz\/author\/#Person","name":"","url":"https:\/\/www.reflek.cz\/author\/","identifier":1,"image":{"@type":"ImageObject","@id":"https:\/\/secure.gravatar.com\/avatar\/f7b3e8bb7f7cc0c6ca940e74a10b952be4c7d81de8a980387c865f88889f02e3?s=96&d=mm&r=g","url":"https:\/\/secure.gravatar.com\/avatar\/f7b3e8bb7f7cc0c6ca940e74a10b952be4c7d81de8a980387c865f88889f02e3?s=96&d=mm&r=g","height":96,"width":96}},"publisher":{"@type":"Organization","name":"reflek.cz","logo":{"@type":"ImageObject","@id":"\/logo.png","url":"\/logo.png","width":600,"height":60}},"image":{"@type":"ImageObject","@id":"https:\/\/www.reflek.cz\/wp-content\/uploads\/kids-160168_960_720_9.png","url":"https:\/\/www.reflek.cz\/wp-content\/uploads\/kids-160168_960_720_9.png","height":0,"width":0},"keywords":null},{"@type":"Article","@id":"https:\/\/www.reflek.cz\/efektivni-zpusoby-jak-zkrotit-zachvat-vzteku-batolete\/","headline":"Efektivn\u00ed zp\u016fsoby, jak zkrotit z\u00e1chvat vzteku batolete","url":"https:\/\/www.reflek.cz\/efektivni-zpusoby-jak-zkrotit-zachvat-vzteku-batolete\/","datePublished":"2022-07-09","dateModified":"2023-05-18","mainEntityOfPage":"https:\/\/www.reflek.cz\/efektivni-zpusoby-jak-zkrotit-zachvat-vzteku-batolete\/","author":{"@type":"Person","@id":"https:\/\/www.reflek.cz\/author\/#Person","name":"","url":"https:\/\/www.reflek.cz\/author\/","identifier":1,"image":{"@type":"ImageObject","@id":"https:\/\/secure.gravatar.com\/avatar\/f7b3e8bb7f7cc0c6ca940e74a10b952be4c7d81de8a980387c865f88889f02e3?s=96&d=mm&r=g","url":"https:\/\/secure.gravatar.com\/avatar\/f7b3e8bb7f7cc0c6ca940e74a10b952be4c7d81de8a980387c865f88889f02e3?s=96&d=mm&r=g","height":96,"width":96}},"publisher":{"@type":"Organization","name":"reflek.cz","logo":{"@type":"ImageObject","@id":"\/logo.png","url":"\/logo.png","width":600,"height":60}},"image":{"@type":"ImageObject","@id":"https:\/\/www.reflek.cz\/wp-content\/uploads\/kids-160168_960_720_3.png","url":"https:\/\/www.reflek.cz\/wp-content\/uploads\/kids-160168_960_720_3.png","height":0,"width":0},"keywords":null},{"@type":"Article","@id":"https:\/\/www.reflek.cz\/deti-jako-zrcadlo\/","headline":"D\u011bti jako zrcadlo","url":"https:\/\/www.reflek.cz\/deti-jako-zrcadlo\/","datePublished":"2022-03-09","dateModified":"2023-05-18","mainEntityOfPage":"https:\/\/www.reflek.cz\/deti-jako-zrcadlo\/","author":{"@type":"Person","@id":"https:\/\/www.reflek.cz\/author\/#Person","name":"","url":"https:\/\/www.reflek.cz\/author\/","identifier":1,"image":{"@type":"ImageObject","@id":"https:\/\/secure.gravatar.com\/avatar\/f7b3e8bb7f7cc0c6ca940e74a10b952be4c7d81de8a980387c865f88889f02e3?s=96&d=mm&r=g","url":"https:\/\/secure.gravatar.com\/avatar\/f7b3e8bb7f7cc0c6ca940e74a10b952be4c7d81de8a980387c865f88889f02e3?s=96&d=mm&r=g","height":96,"width":96}},"publisher":{"@type":"Organization","name":"reflek.cz","logo":{"@type":"ImageObject","@id":"\/logo.png","url":"\/logo.png","width":600,"height":60}},"image":{"@type":"ImageObject","@id":"https:\/\/www.reflek.cz\/wp-content\/uploads\/rodina_800px.jpg","url":"https:\/\/www.reflek.cz\/wp-content\/uploads\/rodina_800px.jpg","height":0,"width":0},"keywords":null}]}