[{"@context":"https:\/\/schema.org\/","@type":"Article","@id":"https:\/\/www.reflek.cz\/dodejte-novy-rozmer-sve-domacnosti\/#Article","mainEntityOfPage":"https:\/\/www.reflek.cz\/dodejte-novy-rozmer-sve-domacnosti\/","headline":"Dodejte nov\u00fd rozm\u011br sv\u00e9 dom\u00e1cnosti","name":"Dodejte nov\u00fd rozm\u011br sv\u00e9 dom\u00e1cnosti","description":"M\u00e1te doma mnoho rostlin, a u\u017e nev\u00edte, jak o n\u011b v\u0161echny pe\u010dovat spr\u00e1vn\u011b? Zal\u00e9v\u00e1te je, jak se v\u00e1m zl\u00edb\u00ed.","datePublished":"2023-08-05","dateModified":"2023-08-05","author":{"@type":"Person","@id":"https:\/\/www.reflek.cz\/author\/#Person","name":"","url":"https:\/\/www.reflek.cz\/author\/","identifier":1,"image":{"@type":"ImageObject","@id":"https:\/\/secure.gravatar.com\/avatar\/f7b3e8bb7f7cc0c6ca940e74a10b952be4c7d81de8a980387c865f88889f02e3?s=96&d=mm&r=g","url":"https:\/\/secure.gravatar.com\/avatar\/f7b3e8bb7f7cc0c6ca940e74a10b952be4c7d81de8a980387c865f88889f02e3?s=96&d=mm&r=g","height":96,"width":96}},"publisher":{"@type":"Organization","name":"reflek.cz","logo":{"@type":"ImageObject","@id":"\/logo.png","url":"\/logo.png","width":600,"height":60}},"url":"https:\/\/www.reflek.cz\/dodejte-novy-rozmer-sve-domacnosti\/","wordCount":250,"articleBody":"M\u00e1te doma mnoho rostlin, a u\u017e nev\u00edte, jak o n\u011b v\u0161echny pe\u010dovat spr\u00e1vn\u011b? Zal\u00e9v\u00e1te je, jak se v\u00e1m zl\u00edb\u00ed i kdy\u017e v\u00edte, \u017ee to nen\u00ed spr\u00e1vn\u00e9? Jestli\u017ee ano, pak pot\u0159ebujete n\u011bco, co v\u00e1m v p\u00e9\u010di o va\u0161e rostliny pom\u016f\u017ee. Co takov\u00e1 LECHUZA, kter\u00e1 je revolu\u010dn\u00edm p\u0159\u00edpravkem pro p\u00e9\u010di o rostliny? Pr\u00e1v\u011b tento produkt vylep\u0161\u00ed cel\u00e9 star\u00e1n\u00ed se o rostliny, nebo\u0165 je to syst\u00e9m pro zavla\u017eov\u00e1n\u00ed. Ji\u017e v\u00e1s nebude tr\u00e1pit starost, kdy a jak m\u00e1te dan\u00e9 kv\u011btiny zal\u00e9vat. V\u0161e bude pod\u0159\u00edzeno tomuto syst\u00e9mu, kter\u00fd pozn\u00e1, kdy si chce rostlina vz\u00edt vodu.S klidnou mysl\u00ed na dovolenouNejv\u011bt\u0161\u00ed probl\u00e9m ale nast\u00e1v\u00e1 v p\u0159\u00edpadech, kdy chcete odjet na dovolenou. To mus\u00edte slo\u017eit\u011b sh\u00e1n\u011bt n\u011bkoho, kdo by v\u00e1m ve\u0161kerou va\u0161i zele\u0148 v dom\u00e1cnosti zal\u00e9val. Jist\u011b se v\u00e1m to ani nechce d\u011blat, nebo\u0165 byste do sv\u00e9ho bytu museli n\u011bkoho pou\u0161t\u011bt. Nen\u00ed proto lep\u0161\u00ed po\u0159\u00eddit si tento syst\u00e9m, kter\u00fd vy\u0159e\u0161\u00ed tyto slo\u017eit\u00e9 starosti? Zajist\u00e9 se to vyplat\u00ed v\u00edce, ne\u017e n\u011bkomu p\u016fj\u010dovat kl\u00ed\u010de a nechat ho, a\u0165 si po va\u0161em byt\u011b chod\u00ed tak, jak se mu zl\u00edb\u00ed. Pod\u00edvejte se proto na varianty, kter\u00e9 lechuza nab\u00edz\u00ed a vyberte si.                                                                                                                                                                                                                                                                                                                                                                                                "},{"@context":"https:\/\/schema.org\/","@type":"BreadcrumbList","itemListElement":[{"@type":"ListItem","position":1,"name":"Dodejte nov\u00fd rozm\u011br sv\u00e9 dom\u00e1cnosti","item":"https:\/\/www.reflek.cz\/dodejte-novy-rozmer-sve-domacnosti\/#breadcrumbitem"}]}]