[{"@context":"https:\/\/schema.org\/","@type":"Article","@id":"https:\/\/www.reflek.cz\/garazova-vrata\/#Article","mainEntityOfPage":"https:\/\/www.reflek.cz\/garazova-vrata\/","headline":"Gar\u00e1\u017eov\u00e1 vrata","name":"Gar\u00e1\u017eov\u00e1 vrata","description":"Je prima \u017ee v dne\u0161n\u00ed dob\u011b si m\u016f\u017eete koupit t\u00e9m\u011b\u0159 cokoliv. Pokud hled\u00e1te i n\u011bjak\u00e9 br\u00e1ny anebo dve\u0159e, tak.","datePublished":"2024-12-23","dateModified":"2024-12-23","author":{"@type":"Person","@id":"https:\/\/www.reflek.cz\/author\/#Person","name":"","url":"https:\/\/www.reflek.cz\/author\/","identifier":1,"image":{"@type":"ImageObject","@id":"https:\/\/secure.gravatar.com\/avatar\/f7b3e8bb7f7cc0c6ca940e74a10b952be4c7d81de8a980387c865f88889f02e3?s=96&d=mm&r=g","url":"https:\/\/secure.gravatar.com\/avatar\/f7b3e8bb7f7cc0c6ca940e74a10b952be4c7d81de8a980387c865f88889f02e3?s=96&d=mm&r=g","height":96,"width":96}},"publisher":{"@type":"Organization","name":"reflek.cz","logo":{"@type":"ImageObject","@id":"\/logo.png","url":"\/logo.png","width":600,"height":60}},"image":{"@type":"ImageObject","@id":"https:\/\/www.reflek.cz\/wp-content\/uploads\/property-7046997_960_720_2.jpg","url":"https:\/\/www.reflek.cz\/wp-content\/uploads\/property-7046997_960_720_2.jpg","height":0,"width":0},"url":"https:\/\/www.reflek.cz\/garazova-vrata\/","about":["Zbo\u017e\u00ed"],"wordCount":412,"articleBody":"      Je prima \u017ee v dne\u0161n\u00ed dob\u011b si m\u016f\u017eete koupit t\u00e9m\u011b\u0159 cokoliv. Pokud hled\u00e1te i n\u011bjak\u00e9 br\u00e1ny anebo dve\u0159e, tak samoz\u0159ejm\u011b na internetu najdete t\u00e9m\u011b\u0159 cokoliv. Jsou r\u016fzn\u00e9 webov\u00e9 str\u00e1nky nebo odkazy, kde najdete to, co pot\u0159ebujete. A pokud zrovna hled\u00e1te n\u011bjak\u00e9 posuvn\u00e9 br\u00e1ny s brankou, tak samoz\u0159ejm\u011b na internetu jich najdete v\u00e1\u017en\u011b hodn\u011b. Posuvn\u00e9 br\u00e1ny s brankou jsou opravdu kvalitn\u00ed. Jsou z kvalitn\u00edho materi\u00e1lu. Ov\u0161em ale v\u017edycky hledejte takovou specializovanou firmu, kter\u00e1 se v tom vyzn\u00e1 a kter\u00e1 v\u00e1m dod\u00e1 opravdu perfektn\u00ed zbo\u017e\u00ed.V tomhle p\u0159\u00edpad\u011b posuvn\u00e9 br\u00e1ny s brankou. Jsou velice praktick\u00e9. M\u016f\u017eou se hodit i k plotu. T\u0159eba p\u0159ed va\u0161i gar\u00e1\u017e. Kdy\u017e se budete va\u0161\u00edm automobilem bl\u00ed\u017eit k zahrad\u011b anebo k va\u0161emu domu, tak se jednozna\u010dn\u011b va\u0161e posuvn\u00e9 br\u00e1ny s brankou otev\u0159ou. A vy vlastn\u011b s automobilem norm\u00e1ln\u011b m\u016f\u017eete vjet do gar\u00e1\u017ee. Nebo tak\u00e9 na zahradu. Tohle u\u017e samoz\u0159ejm\u011b z\u00e1le\u017e\u00ed na v\u00e1s, kam vy budete pot\u0159ebovat. J\u00e1 m\u00e1m je\u0161t\u011b \u00fapln\u011b klasick\u00fd plot a klasickou gar\u00e1\u017e. A u\u017e uva\u017euji, \u017ee bych si tak\u00e9 po\u0159\u00eddila n\u011bco nov\u00e9ho. Hlavn\u011b n\u011bco v\u00edce modern\u00edho a praktick\u00e9ho. A pr\u00e1v\u011b posuvn\u00e9 br\u00e1ny s brankou jsou opravdu praktick\u00e9 a tak\u00e9 v posledn\u00ed dob\u011b obl\u00edben\u00e9. Takov\u00e9 firmy, kter\u00e9 pr\u00e1v\u011b vyr\u00e1b\u00ed anebo instaluj\u00ed posuvn\u00e9 br\u00e1ny s brankou, tak maj\u00ed opravdu napilno. Proto\u017ee moje kamar\u00e1dka pr\u00e1v\u011b \u010dek\u00e1 u\u017e dva m\u011bs\u00edce na firmu, kter\u00e1 j\u00ed tohle zrealizuje. Ne, \u017ee by se firm\u011b necht\u011blo, ale ta firma jednozna\u010dn\u011b nem\u00e1 \u010das. M\u00e1 opravdu mnoho zak\u00e1zek a j\u00e1 se tomu nediv\u00edm. A j\u00e1 byla bych opravdu r\u00e1da, kdybych se na\u0161la takovou firmu, kter\u00e1 je opravdu spolehliv\u00e1. Nem\u00e1m r\u00e1da nespolehliv\u00e9 lidi anebo firmy. Ale firma, kter\u00e1 vyr\u00e1b\u00ed pr\u00e1v\u011b posuvn\u00e9 br\u00e1ny s brankou, tak je pr\u00fd velice spolehliv\u00e1. Vid\u011bla jsem i mnoho kvalitn\u00edch recenz\u00ed na internetu. A na tohle pr\u00e1v\u011b j\u00e1 d\u00e1m, proto\u017ee kdy\u017e u\u017e n\u011bkdo m\u00e1 n\u011bjak\u00e9 zku\u0161enosti s n\u011bjakou firmou nebo s v\u00fdrobkem, tak jsem v\u017edycky opravdu za to r\u00e1da, \u017ee se n\u011bkdo s t\u00edmhle pod\u011bl\u00ed. A \u017ee opravdu nap\u00ed\u0161e, jak to firma m\u00e1                                                                                                                                                                                                                                                                                                                                                                                                  "},{"@context":"https:\/\/schema.org\/","@type":"BreadcrumbList","itemListElement":[{"@type":"ListItem","position":1,"name":"Gar\u00e1\u017eov\u00e1 vrata","item":"https:\/\/www.reflek.cz\/garazova-vrata\/#breadcrumbitem"}]}]