[{"@context":"https:\/\/schema.org\/","@type":"Blog","@id":"https:\/\/www.reflek.cz#Blog","headline":"Reflek","description":"\nJenom ten, kdo dok\u00e1\u017ee d\u00e1t dohromady dostatek pen\u011bz, si m\u016f\u017ee b\u00fdt jist t\u00edm, \u017ee v\u00a0\u017eivot\u011b obstoj\u00ed. Ti ostatn\u00ed takov\u00e9 \u0161t\u011bst\u00ed nemaj\u00ed a vedou o pozn\u00e1n\u00ed hor\u0161\u00ed \u017eivot.","url":"https:\/\/www.reflek.cz","hasPart":[{"@type":"Article","@id":"https:\/\/www.reflek.cz\/kdy-do-duchodu\/","headline":"Kdy do d\u016fchodu","url":"https:\/\/www.reflek.cz\/kdy-do-duchodu\/","datePublished":"2025-03-28","dateModified":"2025-03-28","mainEntityOfPage":"https:\/\/www.reflek.cz\/kdy-do-duchodu\/","author":{"@type":"Person","@id":"https:\/\/www.reflek.cz\/author\/#Person","name":"","url":"https:\/\/www.reflek.cz\/author\/","identifier":1,"image":{"@type":"ImageObject","@id":"https:\/\/secure.gravatar.com\/avatar\/f7b3e8bb7f7cc0c6ca940e74a10b952be4c7d81de8a980387c865f88889f02e3?s=96&d=mm&r=g","url":"https:\/\/secure.gravatar.com\/avatar\/f7b3e8bb7f7cc0c6ca940e74a10b952be4c7d81de8a980387c865f88889f02e3?s=96&d=mm&r=g","height":96,"width":96}},"publisher":{"@type":"Organization","name":"reflek.cz","logo":{"@type":"ImageObject","@id":"\/logo.png","url":"\/logo.png","width":600,"height":60}},"image":null,"wordCount":227,"keywords":null},{"@type":"Article","@id":"https:\/\/www.reflek.cz\/tvorba-webovych-stranek\/","headline":"Tvorba webov\u00fdch str\u00e1nek","url":"https:\/\/www.reflek.cz\/tvorba-webovych-stranek\/","datePublished":"2025-03-21","dateModified":"2025-03-21","mainEntityOfPage":"https:\/\/www.reflek.cz\/tvorba-webovych-stranek\/","author":{"@type":"Person","@id":"https:\/\/www.reflek.cz\/author\/#Person","name":"","url":"https:\/\/www.reflek.cz\/author\/","identifier":1,"image":{"@type":"ImageObject","@id":"https:\/\/secure.gravatar.com\/avatar\/f7b3e8bb7f7cc0c6ca940e74a10b952be4c7d81de8a980387c865f88889f02e3?s=96&d=mm&r=g","url":"https:\/\/secure.gravatar.com\/avatar\/f7b3e8bb7f7cc0c6ca940e74a10b952be4c7d81de8a980387c865f88889f02e3?s=96&d=mm&r=g","height":96,"width":96}},"publisher":{"@type":"Organization","name":"reflek.cz","logo":{"@type":"ImageObject","@id":"\/logo.png","url":"\/logo.png","width":600,"height":60}},"image":null,"wordCount":224,"keywords":null},{"@type":"Article","@id":"https:\/\/www.reflek.cz\/co-si-sami-vyberete\/","headline":"Co si sami vyberete?","url":"https:\/\/www.reflek.cz\/co-si-sami-vyberete\/","datePublished":"2025-03-12","dateModified":"2025-03-12","mainEntityOfPage":"https:\/\/www.reflek.cz\/co-si-sami-vyberete\/","author":{"@type":"Person","@id":"https:\/\/www.reflek.cz\/author\/#Person","name":"","url":"https:\/\/www.reflek.cz\/author\/","identifier":1,"image":{"@type":"ImageObject","@id":"https:\/\/secure.gravatar.com\/avatar\/f7b3e8bb7f7cc0c6ca940e74a10b952be4c7d81de8a980387c865f88889f02e3?s=96&d=mm&r=g","url":"https:\/\/secure.gravatar.com\/avatar\/f7b3e8bb7f7cc0c6ca940e74a10b952be4c7d81de8a980387c865f88889f02e3?s=96&d=mm&r=g","height":96,"width":96}},"publisher":{"@type":"Organization","name":"reflek.cz","logo":{"@type":"ImageObject","@id":"\/logo.png","url":"\/logo.png","width":600,"height":60}},"image":null,"wordCount":207,"keywords":null},{"@type":"Article","@id":"https:\/\/www.reflek.cz\/co-prijde-a-ceho-se-vyvarovat\/","headline":"Co p\u0159ijde a \u010deho se vyvarovat","url":"https:\/\/www.reflek.cz\/co-prijde-a-ceho-se-vyvarovat\/","datePublished":"2025-03-05","dateModified":"2025-03-05","mainEntityOfPage":"https:\/\/www.reflek.cz\/co-prijde-a-ceho-se-vyvarovat\/","author":{"@type":"Person","@id":"https:\/\/www.reflek.cz\/author\/#Person","name":"","url":"https:\/\/www.reflek.cz\/author\/","identifier":1,"image":{"@type":"ImageObject","@id":"https:\/\/secure.gravatar.com\/avatar\/f7b3e8bb7f7cc0c6ca940e74a10b952be4c7d81de8a980387c865f88889f02e3?s=96&d=mm&r=g","url":"https:\/\/secure.gravatar.com\/avatar\/f7b3e8bb7f7cc0c6ca940e74a10b952be4c7d81de8a980387c865f88889f02e3?s=96&d=mm&r=g","height":96,"width":96}},"publisher":{"@type":"Organization","name":"reflek.cz","logo":{"@type":"ImageObject","@id":"\/logo.png","url":"\/logo.png","width":600,"height":60}},"image":null,"wordCount":262,"keywords":null},{"@type":"Article","@id":"https:\/\/www.reflek.cz\/svatebni-dekorace\/","headline":"Svatebn\u00ed dekorace","url":"https:\/\/www.reflek.cz\/svatebni-dekorace\/","datePublished":"2025-02-24","dateModified":"2025-02-24","mainEntityOfPage":"https:\/\/www.reflek.cz\/svatebni-dekorace\/","author":{"@type":"Person","@id":"https:\/\/www.reflek.cz\/author\/#Person","name":"","url":"https:\/\/www.reflek.cz\/author\/","identifier":1,"image":{"@type":"ImageObject","@id":"https:\/\/secure.gravatar.com\/avatar\/f7b3e8bb7f7cc0c6ca940e74a10b952be4c7d81de8a980387c865f88889f02e3?s=96&d=mm&r=g","url":"https:\/\/secure.gravatar.com\/avatar\/f7b3e8bb7f7cc0c6ca940e74a10b952be4c7d81de8a980387c865f88889f02e3?s=96&d=mm&r=g","height":96,"width":96}},"publisher":{"@type":"Organization","name":"reflek.cz","logo":{"@type":"ImageObject","@id":"\/logo.png","url":"\/logo.png","width":600,"height":60}},"image":null,"wordCount":209,"keywords":null},{"@type":"Article","@id":"https:\/\/www.reflek.cz\/dymka-pro-vas\/","headline":"D\u00fdmka pro v\u00e1s","url":"https:\/\/www.reflek.cz\/dymka-pro-vas\/","datePublished":"2025-02-19","dateModified":"2025-02-19","mainEntityOfPage":"https:\/\/www.reflek.cz\/dymka-pro-vas\/","author":{"@type":"Person","@id":"https:\/\/www.reflek.cz\/author\/#Person","name":"","url":"https:\/\/www.reflek.cz\/author\/","identifier":1,"image":{"@type":"ImageObject","@id":"https:\/\/secure.gravatar.com\/avatar\/f7b3e8bb7f7cc0c6ca940e74a10b952be4c7d81de8a980387c865f88889f02e3?s=96&d=mm&r=g","url":"https:\/\/secure.gravatar.com\/avatar\/f7b3e8bb7f7cc0c6ca940e74a10b952be4c7d81de8a980387c865f88889f02e3?s=96&d=mm&r=g","height":96,"width":96}},"publisher":{"@type":"Organization","name":"reflek.cz","logo":{"@type":"ImageObject","@id":"\/logo.png","url":"\/logo.png","width":600,"height":60}},"image":{"@type":"ImageObject","@id":"https:\/\/www.reflek.cz\/wp-content\/uploads\/vodn%C3%AD%20d%C3%BDmka_10_10_4.jpg","url":"https:\/\/www.reflek.cz\/wp-content\/uploads\/vodn%C3%AD%20d%C3%BDmka_10_10_4.jpg","height":0,"width":0},"wordCount":632,"keywords":null},{"@type":"Article","@id":"https:\/\/www.reflek.cz\/septiky-jsou-v-dnesni-dobe-velmi-vyuzivane\/","headline":"Septiky jsou v\u00a0dne\u0161n\u00ed dob\u011b velmi vyu\u017e\u00edvan\u00e9","url":"https:\/\/www.reflek.cz\/septiky-jsou-v-dnesni-dobe-velmi-vyuzivane\/","datePublished":"2025-02-17","dateModified":"2025-02-17","mainEntityOfPage":"https:\/\/www.reflek.cz\/septiky-jsou-v-dnesni-dobe-velmi-vyuzivane\/","author":{"@type":"Person","@id":"https:\/\/www.reflek.cz\/author\/#Person","name":"","url":"https:\/\/www.reflek.cz\/author\/","identifier":1,"image":{"@type":"ImageObject","@id":"https:\/\/secure.gravatar.com\/avatar\/f7b3e8bb7f7cc0c6ca940e74a10b952be4c7d81de8a980387c865f88889f02e3?s=96&d=mm&r=g","url":"https:\/\/secure.gravatar.com\/avatar\/f7b3e8bb7f7cc0c6ca940e74a10b952be4c7d81de8a980387c865f88889f02e3?s=96&d=mm&r=g","height":96,"width":96}},"publisher":{"@type":"Organization","name":"reflek.cz","logo":{"@type":"ImageObject","@id":"\/logo.png","url":"\/logo.png","width":600,"height":60}},"image":null,"wordCount":240,"keywords":null},{"@type":"Article","@id":"https:\/\/www.reflek.cz\/nekolik-rozmeru\/","headline":"N\u011bkolik rozm\u011br\u016f","url":"https:\/\/www.reflek.cz\/nekolik-rozmeru\/","datePublished":"2025-02-14","dateModified":"2025-02-14","mainEntityOfPage":"https:\/\/www.reflek.cz\/nekolik-rozmeru\/","author":{"@type":"Person","@id":"https:\/\/www.reflek.cz\/author\/#Person","name":"","url":"https:\/\/www.reflek.cz\/author\/","identifier":1,"image":{"@type":"ImageObject","@id":"https:\/\/secure.gravatar.com\/avatar\/f7b3e8bb7f7cc0c6ca940e74a10b952be4c7d81de8a980387c865f88889f02e3?s=96&d=mm&r=g","url":"https:\/\/secure.gravatar.com\/avatar\/f7b3e8bb7f7cc0c6ca940e74a10b952be4c7d81de8a980387c865f88889f02e3?s=96&d=mm&r=g","height":96,"width":96}},"publisher":{"@type":"Organization","name":"reflek.cz","logo":{"@type":"ImageObject","@id":"\/logo.png","url":"\/logo.png","width":600,"height":60}},"image":null,"wordCount":226,"keywords":null},{"@type":"Article","@id":"https:\/\/www.reflek.cz\/efektivni-sprava-a-snadna-rezervace\/","headline":"Efektivn\u00ed spr\u00e1va a snadn\u00e1 rezervace","url":"https:\/\/www.reflek.cz\/efektivni-sprava-a-snadna-rezervace\/","datePublished":"2025-02-11","dateModified":"2025-02-11","mainEntityOfPage":"https:\/\/www.reflek.cz\/efektivni-sprava-a-snadna-rezervace\/","author":{"@type":"Person","@id":"https:\/\/www.reflek.cz\/author\/#Person","name":"","url":"https:\/\/www.reflek.cz\/author\/","identifier":1,"image":{"@type":"ImageObject","@id":"https:\/\/secure.gravatar.com\/avatar\/f7b3e8bb7f7cc0c6ca940e74a10b952be4c7d81de8a980387c865f88889f02e3?s=96&d=mm&r=g","url":"https:\/\/secure.gravatar.com\/avatar\/f7b3e8bb7f7cc0c6ca940e74a10b952be4c7d81de8a980387c865f88889f02e3?s=96&d=mm&r=g","height":96,"width":96}},"publisher":{"@type":"Organization","name":"reflek.cz","logo":{"@type":"ImageObject","@id":"\/logo.png","url":"\/logo.png","width":600,"height":60}},"image":{"@type":"ImageObject","@id":"https:\/\/www.reflek.cz\/wp-content\/uploads\/fitness-studio.jpg","url":"https:\/\/www.reflek.cz\/wp-content\/uploads\/fitness-studio.jpg","height":0,"width":0},"wordCount":679,"keywords":null},{"@type":"Article","@id":"https:\/\/www.reflek.cz\/potrebujeme-komfortni-a-levne-vytapeni-rodinneho-domu\/","headline":"Pot\u0159ebujeme komfortn\u00ed a levn\u00e9 vyt\u00e1p\u011bn\u00ed rodinn\u00e9ho domu","url":"https:\/\/www.reflek.cz\/potrebujeme-komfortni-a-levne-vytapeni-rodinneho-domu\/","datePublished":"2025-02-11","dateModified":"2025-02-11","mainEntityOfPage":"https:\/\/www.reflek.cz\/potrebujeme-komfortni-a-levne-vytapeni-rodinneho-domu\/","author":{"@type":"Person","@id":"https:\/\/www.reflek.cz\/author\/#Person","name":"","url":"https:\/\/www.reflek.cz\/author\/","identifier":1,"image":{"@type":"ImageObject","@id":"https:\/\/secure.gravatar.com\/avatar\/f7b3e8bb7f7cc0c6ca940e74a10b952be4c7d81de8a980387c865f88889f02e3?s=96&d=mm&r=g","url":"https:\/\/secure.gravatar.com\/avatar\/f7b3e8bb7f7cc0c6ca940e74a10b952be4c7d81de8a980387c865f88889f02e3?s=96&d=mm&r=g","height":96,"width":96}},"publisher":{"@type":"Organization","name":"reflek.cz","logo":{"@type":"ImageObject","@id":"\/logo.png","url":"\/logo.png","width":600,"height":60}},"image":{"@type":"ImageObject","@id":"https:\/\/www.reflek.cz\/wp-content\/uploads\/radiator-250558_640_10_10_10_10_7.jpg","url":"https:\/\/www.reflek.cz\/wp-content\/uploads\/radiator-250558_640_10_10_10_10_7.jpg","height":0,"width":0},"wordCount":643,"keywords":null}]},{"@context":"https:\/\/schema.org","@type":"WebSite","@id":"https:\/\/www.reflek.cz\/#website","name":"Reflek","url":"https:\/\/www.reflek.cz","potentialAction":{"@type":"SearchAction","target":"https:\/\/www.reflek.cz\/?s={search_term_string}","query-input":"required name=search_term_string"}}]