[{"@context":"https:\/\/schema.org\/","@type":"Blog","@id":"https:\/\/www.reflek.cz#Blog","headline":"Reflek","description":"\nJenom ten, kdo dok\u00e1\u017ee d\u00e1t dohromady dostatek pen\u011bz, si m\u016f\u017ee b\u00fdt jist t\u00edm, \u017ee v\u00a0\u017eivot\u011b obstoj\u00ed. Ti ostatn\u00ed takov\u00e9 \u0161t\u011bst\u00ed nemaj\u00ed a vedou o pozn\u00e1n\u00ed hor\u0161\u00ed \u017eivot.","url":"https:\/\/www.reflek.cz","hasPart":[{"@type":"Article","@id":"https:\/\/www.reflek.cz\/septiky\/","headline":"Septiky","url":"https:\/\/www.reflek.cz\/septiky\/","datePublished":"2025-02-11","dateModified":"2025-02-11","mainEntityOfPage":"https:\/\/www.reflek.cz\/septiky\/","author":{"@type":"Person","@id":"https:\/\/www.reflek.cz\/author\/#Person","name":"","url":"https:\/\/www.reflek.cz\/author\/","identifier":1,"image":{"@type":"ImageObject","@id":"https:\/\/secure.gravatar.com\/avatar\/f7b3e8bb7f7cc0c6ca940e74a10b952be4c7d81de8a980387c865f88889f02e3?s=96&d=mm&r=g","url":"https:\/\/secure.gravatar.com\/avatar\/f7b3e8bb7f7cc0c6ca940e74a10b952be4c7d81de8a980387c865f88889f02e3?s=96&d=mm&r=g","height":96,"width":96}},"publisher":{"@type":"Organization","name":"reflek.cz","logo":{"@type":"ImageObject","@id":"\/logo.png","url":"\/logo.png","width":600,"height":60}},"image":null,"wordCount":224,"keywords":null},{"@type":"Article","@id":"https:\/\/www.reflek.cz\/jedna-se-o-ciste-prirodni-produkt\/","headline":"Jedn\u00e1 se o \u010dist\u011b p\u0159\u00edrodn\u00ed produkt","url":"https:\/\/www.reflek.cz\/jedna-se-o-ciste-prirodni-produkt\/","datePublished":"2025-02-02","dateModified":"2025-02-02","mainEntityOfPage":"https:\/\/www.reflek.cz\/jedna-se-o-ciste-prirodni-produkt\/","author":{"@type":"Person","@id":"https:\/\/www.reflek.cz\/author\/#Person","name":"","url":"https:\/\/www.reflek.cz\/author\/","identifier":1,"image":{"@type":"ImageObject","@id":"https:\/\/secure.gravatar.com\/avatar\/f7b3e8bb7f7cc0c6ca940e74a10b952be4c7d81de8a980387c865f88889f02e3?s=96&d=mm&r=g","url":"https:\/\/secure.gravatar.com\/avatar\/f7b3e8bb7f7cc0c6ca940e74a10b952be4c7d81de8a980387c865f88889f02e3?s=96&d=mm&r=g","height":96,"width":96}},"publisher":{"@type":"Organization","name":"reflek.cz","logo":{"@type":"ImageObject","@id":"\/logo.png","url":"\/logo.png","width":600,"height":60}},"image":null,"wordCount":259,"keywords":null},{"@type":"Article","@id":"https:\/\/www.reflek.cz\/pri-rekonstrukci-bytu-vybirejte-idealni-okna\/","headline":"P\u0159i rekonstrukci bytu vyb\u00edrejte ide\u00e1ln\u00ed okna","url":"https:\/\/www.reflek.cz\/pri-rekonstrukci-bytu-vybirejte-idealni-okna\/","datePublished":"2025-01-25","dateModified":"2025-01-25","mainEntityOfPage":"https:\/\/www.reflek.cz\/pri-rekonstrukci-bytu-vybirejte-idealni-okna\/","author":{"@type":"Person","@id":"https:\/\/www.reflek.cz\/author\/#Person","name":"","url":"https:\/\/www.reflek.cz\/author\/","identifier":1,"image":{"@type":"ImageObject","@id":"https:\/\/secure.gravatar.com\/avatar\/f7b3e8bb7f7cc0c6ca940e74a10b952be4c7d81de8a980387c865f88889f02e3?s=96&d=mm&r=g","url":"https:\/\/secure.gravatar.com\/avatar\/f7b3e8bb7f7cc0c6ca940e74a10b952be4c7d81de8a980387c865f88889f02e3?s=96&d=mm&r=g","height":96,"width":96}},"publisher":{"@type":"Organization","name":"reflek.cz","logo":{"@type":"ImageObject","@id":"\/logo.png","url":"\/logo.png","width":600,"height":60}},"image":null,"wordCount":258,"keywords":null},{"@type":"Article","@id":"https:\/\/www.reflek.cz\/nase-firma-provadi-upravy-ridici-jednotky-motoru-tzv-chiptuning\/","headline":"Na\u0161e firma prov\u00e1d\u00ed \u00fapravy \u0159\u00edd\u00edc\u00ed jednotky motor\u016f, tzv. chiptuning","url":"https:\/\/www.reflek.cz\/nase-firma-provadi-upravy-ridici-jednotky-motoru-tzv-chiptuning\/","datePublished":"2025-01-20","dateModified":"2025-01-20","mainEntityOfPage":"https:\/\/www.reflek.cz\/nase-firma-provadi-upravy-ridici-jednotky-motoru-tzv-chiptuning\/","author":{"@type":"Person","@id":"https:\/\/www.reflek.cz\/author\/#Person","name":"","url":"https:\/\/www.reflek.cz\/author\/","identifier":1,"image":{"@type":"ImageObject","@id":"https:\/\/secure.gravatar.com\/avatar\/f7b3e8bb7f7cc0c6ca940e74a10b952be4c7d81de8a980387c865f88889f02e3?s=96&d=mm&r=g","url":"https:\/\/secure.gravatar.com\/avatar\/f7b3e8bb7f7cc0c6ca940e74a10b952be4c7d81de8a980387c865f88889f02e3?s=96&d=mm&r=g","height":96,"width":96}},"publisher":{"@type":"Organization","name":"reflek.cz","logo":{"@type":"ImageObject","@id":"\/logo.png","url":"\/logo.png","width":600,"height":60}},"image":null,"wordCount":244,"keywords":null},{"@type":"Article","@id":"https:\/\/www.reflek.cz\/kryt-na-iphone-se\/","headline":"Kryt na iphone SE","url":"https:\/\/www.reflek.cz\/kryt-na-iphone-se\/","datePublished":"2025-01-19","dateModified":"2025-01-19","mainEntityOfPage":"https:\/\/www.reflek.cz\/kryt-na-iphone-se\/","author":{"@type":"Person","@id":"https:\/\/www.reflek.cz\/author\/#Person","name":"","url":"https:\/\/www.reflek.cz\/author\/","identifier":1,"image":{"@type":"ImageObject","@id":"https:\/\/secure.gravatar.com\/avatar\/f7b3e8bb7f7cc0c6ca940e74a10b952be4c7d81de8a980387c865f88889f02e3?s=96&d=mm&r=g","url":"https:\/\/secure.gravatar.com\/avatar\/f7b3e8bb7f7cc0c6ca940e74a10b952be4c7d81de8a980387c865f88889f02e3?s=96&d=mm&r=g","height":96,"width":96}},"publisher":{"@type":"Organization","name":"reflek.cz","logo":{"@type":"ImageObject","@id":"\/logo.png","url":"\/logo.png","width":600,"height":60}},"image":{"@type":"ImageObject","@id":"https:\/\/www.reflek.cz\/wp-content\/uploads\/camera-1842202_640%20(1).jpg","url":"https:\/\/www.reflek.cz\/wp-content\/uploads\/camera-1842202_640%20(1).jpg","height":0,"width":0},"wordCount":596,"keywords":null},{"@type":"Article","@id":"https:\/\/www.reflek.cz\/nabizime-i-kola-pro-nejmensi\/","headline":"Nab\u00edz\u00edme i kola pro nejmen\u0161\u00ed","url":"https:\/\/www.reflek.cz\/nabizime-i-kola-pro-nejmensi\/","datePublished":"2025-01-12","dateModified":"2025-01-12","mainEntityOfPage":"https:\/\/www.reflek.cz\/nabizime-i-kola-pro-nejmensi\/","author":{"@type":"Person","@id":"https:\/\/www.reflek.cz\/author\/#Person","name":"","url":"https:\/\/www.reflek.cz\/author\/","identifier":1,"image":{"@type":"ImageObject","@id":"https:\/\/secure.gravatar.com\/avatar\/f7b3e8bb7f7cc0c6ca940e74a10b952be4c7d81de8a980387c865f88889f02e3?s=96&d=mm&r=g","url":"https:\/\/secure.gravatar.com\/avatar\/f7b3e8bb7f7cc0c6ca940e74a10b952be4c7d81de8a980387c865f88889f02e3?s=96&d=mm&r=g","height":96,"width":96}},"publisher":{"@type":"Organization","name":"reflek.cz","logo":{"@type":"ImageObject","@id":"\/logo.png","url":"\/logo.png","width":600,"height":60}},"image":null,"wordCount":229,"keywords":null},{"@type":"Article","@id":"https:\/\/www.reflek.cz\/zalozeni-sro\/","headline":"Zalo\u017een\u00ed sro","url":"https:\/\/www.reflek.cz\/zalozeni-sro\/","datePublished":"2025-01-08","dateModified":"2025-01-08","mainEntityOfPage":"https:\/\/www.reflek.cz\/zalozeni-sro\/","author":{"@type":"Person","@id":"https:\/\/www.reflek.cz\/author\/#Person","name":"","url":"https:\/\/www.reflek.cz\/author\/","identifier":1,"image":{"@type":"ImageObject","@id":"https:\/\/secure.gravatar.com\/avatar\/f7b3e8bb7f7cc0c6ca940e74a10b952be4c7d81de8a980387c865f88889f02e3?s=96&d=mm&r=g","url":"https:\/\/secure.gravatar.com\/avatar\/f7b3e8bb7f7cc0c6ca940e74a10b952be4c7d81de8a980387c865f88889f02e3?s=96&d=mm&r=g","height":96,"width":96}},"publisher":{"@type":"Organization","name":"reflek.cz","logo":{"@type":"ImageObject","@id":"\/logo.png","url":"\/logo.png","width":600,"height":60}},"image":null,"wordCount":275,"keywords":null},{"@type":"Article","@id":"https:\/\/www.reflek.cz\/seznamujte-se-s-nemocnicemi-v-cele-republice\/","headline":"Seznamujte se s nemocnicemi v cel\u00e9 republice","url":"https:\/\/www.reflek.cz\/seznamujte-se-s-nemocnicemi-v-cele-republice\/","datePublished":"2024-12-31","dateModified":"2024-12-31","mainEntityOfPage":"https:\/\/www.reflek.cz\/seznamujte-se-s-nemocnicemi-v-cele-republice\/","author":{"@type":"Person","@id":"https:\/\/www.reflek.cz\/author\/#Person","name":"","url":"https:\/\/www.reflek.cz\/author\/","identifier":1,"image":{"@type":"ImageObject","@id":"https:\/\/secure.gravatar.com\/avatar\/f7b3e8bb7f7cc0c6ca940e74a10b952be4c7d81de8a980387c865f88889f02e3?s=96&d=mm&r=g","url":"https:\/\/secure.gravatar.com\/avatar\/f7b3e8bb7f7cc0c6ca940e74a10b952be4c7d81de8a980387c865f88889f02e3?s=96&d=mm&r=g","height":96,"width":96}},"publisher":{"@type":"Organization","name":"reflek.cz","logo":{"@type":"ImageObject","@id":"\/logo.png","url":"\/logo.png","width":600,"height":60}},"image":null,"wordCount":208,"keywords":null},{"@type":"Article","@id":"https:\/\/www.reflek.cz\/vybojka-do-lamp\/","headline":"V\u00fdbojka do lamp","url":"https:\/\/www.reflek.cz\/vybojka-do-lamp\/","datePublished":"2024-12-26","dateModified":"2024-12-26","mainEntityOfPage":"https:\/\/www.reflek.cz\/vybojka-do-lamp\/","author":{"@type":"Person","@id":"https:\/\/www.reflek.cz\/author\/#Person","name":"","url":"https:\/\/www.reflek.cz\/author\/","identifier":1,"image":{"@type":"ImageObject","@id":"https:\/\/secure.gravatar.com\/avatar\/f7b3e8bb7f7cc0c6ca940e74a10b952be4c7d81de8a980387c865f88889f02e3?s=96&d=mm&r=g","url":"https:\/\/secure.gravatar.com\/avatar\/f7b3e8bb7f7cc0c6ca940e74a10b952be4c7d81de8a980387c865f88889f02e3?s=96&d=mm&r=g","height":96,"width":96}},"publisher":{"@type":"Organization","name":"reflek.cz","logo":{"@type":"ImageObject","@id":"\/logo.png","url":"\/logo.png","width":600,"height":60}},"image":null,"wordCount":278,"keywords":null},{"@type":"Article","@id":"https:\/\/www.reflek.cz\/garazova-vrata\/","headline":"Gar\u00e1\u017eov\u00e1 vrata","url":"https:\/\/www.reflek.cz\/garazova-vrata\/","datePublished":"2024-12-23","dateModified":"2024-12-23","mainEntityOfPage":"https:\/\/www.reflek.cz\/garazova-vrata\/","author":{"@type":"Person","@id":"https:\/\/www.reflek.cz\/author\/#Person","name":"","url":"https:\/\/www.reflek.cz\/author\/","identifier":1,"image":{"@type":"ImageObject","@id":"https:\/\/secure.gravatar.com\/avatar\/f7b3e8bb7f7cc0c6ca940e74a10b952be4c7d81de8a980387c865f88889f02e3?s=96&d=mm&r=g","url":"https:\/\/secure.gravatar.com\/avatar\/f7b3e8bb7f7cc0c6ca940e74a10b952be4c7d81de8a980387c865f88889f02e3?s=96&d=mm&r=g","height":96,"width":96}},"publisher":{"@type":"Organization","name":"reflek.cz","logo":{"@type":"ImageObject","@id":"\/logo.png","url":"\/logo.png","width":600,"height":60}},"image":{"@type":"ImageObject","@id":"https:\/\/www.reflek.cz\/wp-content\/uploads\/property-7046997_960_720_2.jpg","url":"https:\/\/www.reflek.cz\/wp-content\/uploads\/property-7046997_960_720_2.jpg","height":0,"width":0},"wordCount":624,"keywords":null}]},{"@context":"https:\/\/schema.org","@type":"WebSite","@id":"https:\/\/www.reflek.cz\/#website","name":"Reflek","url":"https:\/\/www.reflek.cz","potentialAction":{"@type":"SearchAction","target":"https:\/\/www.reflek.cz\/?s={search_term_string}","query-input":"required name=search_term_string"}}]