[{"@context":"https:\/\/schema.org\/","@type":"Article","@id":"https:\/\/www.reflek.cz\/pece-o-vase-vozidlo\/#Article","mainEntityOfPage":"https:\/\/www.reflek.cz\/pece-o-vase-vozidlo\/","headline":"P\u00e9\u010de o va\u0161e vozidlo","name":"P\u00e9\u010de o va\u0161e vozidlo","description":"Ka\u017ed\u00fd \u0159idi\u010d, kter\u00fd si s\u00e1m vyd\u011blal na automobil, si na n\u011bj d\u00e1v\u00e1 skute\u010dn\u011b velik\u00fd pozor, obzvl\u00e1\u0161t\u011b pokud se jedn\u00e1.","datePublished":"2025-09-03","dateModified":"2025-09-03","author":{"@type":"Person","@id":"https:\/\/www.reflek.cz\/author\/#Person","name":"","url":"https:\/\/www.reflek.cz\/author\/","identifier":1,"image":{"@type":"ImageObject","@id":"https:\/\/secure.gravatar.com\/avatar\/f7b3e8bb7f7cc0c6ca940e74a10b952be4c7d81de8a980387c865f88889f02e3?s=96&d=mm&r=g","url":"https:\/\/secure.gravatar.com\/avatar\/f7b3e8bb7f7cc0c6ca940e74a10b952be4c7d81de8a980387c865f88889f02e3?s=96&d=mm&r=g","height":96,"width":96}},"publisher":{"@type":"Organization","name":"reflek.cz","logo":{"@type":"ImageObject","@id":"\/logo.png","url":"\/logo.png","width":600,"height":60}},"url":"https:\/\/www.reflek.cz\/pece-o-vase-vozidlo\/","wordCount":182,"articleBody":"Ka\u017ed\u00fd \u0159idi\u010d, kter\u00fd si s\u00e1m vyd\u011blal na automobil, si na n\u011bj d\u00e1v\u00e1 skute\u010dn\u011b velik\u00fd pozor, obzvl\u00e1\u0161t\u011b pokud se jedn\u00e1 o vozidlo zna\u010dky Audi. Tito \u010dty\u0159kol\u00fd krasavci b\u00fdvaj\u00ed toti\u017e finan\u010dn\u011b opravdu velmi n\u00e1ro\u010dn\u00ed, proto je t\u0159eba se o n\u011b dokonale starat a pe\u010dovat. Pokud i vy chcete pro sv\u00e9ho \u010dty\u0159kol\u00e9ho kamar\u00e1da to nejlep\u0161\u00ed, tak nev\u00e1hejte a vyu\u017e\u00edvejte pravideln\u011b Audi servis, ve kter\u00e9m v\u00e1m poka\u017ed\u00e9 vyjdou vst\u0159\u00edc a pomohou v\u00e1m udr\u017eovat va\u0161e vozidlo v naprost\u00e9m po\u0159\u00e1dku. Investice do dobr\u00fdch slu\u017eeb Pokud i vy chcete m\u00edt jistotu, \u017ee o va\u0161e auto bude skute\u010dn\u011b dob\u0159e postar\u00e1no, tak nev\u00e1hejte a d\u016fv\u011b\u0159ujte autorizovan\u00e9mu servisu, kter\u00fd v\u00e1s nezklame. Postar\u00e1 se o v\u0161e, co prosp\u011bje va\u0161emu vozidlu, tedy od \u010di\u0161t\u011bn\u00ed, a\u017e po kontrolu r\u016fzn\u00fdch sou\u010d\u00e1stek \u010di a\u017e po drobn\u00e9 opravy, zkr\u00e1tka v\u0161e, co bude skute\u010dn\u011b pot\u0159eba.                                                                                                                                                                                                                                                                                                                                                                                                "},{"@context":"https:\/\/schema.org\/","@type":"BreadcrumbList","itemListElement":[{"@type":"ListItem","position":1,"name":"P\u00e9\u010de o va\u0161e vozidlo","item":"https:\/\/www.reflek.cz\/pece-o-vase-vozidlo\/#breadcrumbitem"}]}]