[{"@context":"https:\/\/schema.org\/","@type":"Article","@id":"https:\/\/www.reflek.cz\/prace-v-online-sve\/#Article","mainEntityOfPage":"https:\/\/www.reflek.cz\/prace-v-online-sve\/","headline":"Pr\u00e1ce v online sv\u011b","name":"Pr\u00e1ce v online sv\u011b","description":"V\u017edycky mi \u0161lo o to, abych m\u011bla dokonal\u00fd e-shop. V\u017edycky m\u011b bavilo, \u017ee jsem mohla prod\u00e1vat sv\u00e9 v\u00fdrobky p\u0159es.","datePublished":"2022-09-30","dateModified":"2023-05-18","author":{"@type":"Person","@id":"https:\/\/www.reflek.cz\/author\/#Person","name":"","url":"https:\/\/www.reflek.cz\/author\/","identifier":1,"image":{"@type":"ImageObject","@id":"https:\/\/secure.gravatar.com\/avatar\/f7b3e8bb7f7cc0c6ca940e74a10b952be4c7d81de8a980387c865f88889f02e3?s=96&d=mm&r=g","url":"https:\/\/secure.gravatar.com\/avatar\/f7b3e8bb7f7cc0c6ca940e74a10b952be4c7d81de8a980387c865f88889f02e3?s=96&d=mm&r=g","height":96,"width":96}},"publisher":{"@type":"Organization","name":"reflek.cz","logo":{"@type":"ImageObject","@id":"\/logo.png","url":"\/logo.png","width":600,"height":60}},"image":{"@type":"ImageObject","@id":"https:\/\/www.reflek.cz\/wp-content\/uploads\/influencers-5215924_960_720.jpg","url":"https:\/\/www.reflek.cz\/wp-content\/uploads\/influencers-5215924_960_720.jpg","height":0,"width":0},"url":"https:\/\/www.reflek.cz\/prace-v-online-sve\/","about":["Business"],"wordCount":421,"articleBody":"        V\u017edycky mi \u0161lo o to, abych m\u011bla dokonal\u00fd e-shop. V\u017edycky m\u011b bavilo, \u017ee jsem mohla prod\u00e1vat sv\u00e9 v\u00fdrobky p\u0159es po\u010d\u00edta\u010d. Proto\u017ee m\u00e1m mal\u00e9ho syna, se kter\u00fdm opravdu nemohu chodit tak \u010dasto a denn\u011b do pr\u00e1ce. Syn je nemocn\u00fd a opravdu si to nem\u016f\u017eu dovolit. Taky v\u016fbec nem\u016f\u017eu, abych si t\u0159eba najala n\u011bjakou ch\u016fvu nebo n\u011bjakou pan\u00ed na hl\u00edd\u00e1n\u00ed. Opravdu na to nem\u00e1m pen\u00edze a v rodin\u011b taky nem\u00e1m nikoho, kdo by mi syna pravideln\u011b hl\u00eddal. Proto jsem se rozhodla, \u017ee v pr\u00e1ci skon\u010d\u00edm, proto\u017ee denn\u011b tam chodit nemohu. A bohu\u017eel mi ani m\u016fj zam\u011bstnavatel nevyhov\u011bl, \u017ee bych mohla d\u011blat pr\u00e1ci z domu.   Anebo alespo\u0148 \u010d\u00e1ste\u010dn\u011b a jenom t\u0159eba dva dny v t\u00fddnu chodit do pr\u00e1ce fyzicky. Dala jsem si tedy \u017e\u00e1dost na internet, \u017ee sh\u00e1n\u00edm n\u011bjakou pr\u00e1ci na doma. A proto\u017ee m\u00e1m ekonomickou \u0161kolu a taky r\u016fzn\u00e9 informativn\u00ed kurzy, tak jsem se uchytila v pr\u00e1ci, kde navrhuji online reklamy. A hodn\u011b m\u011b bav\u00ed SEO pro wordpress a taky SEO online. Ty to dv\u011b v\u011bci m\u011b opravdu hodn\u011b bav\u00ed a bavily m\u011b u\u017e i d\u0159\u00edve. Jenom\u017ee jsem se nedok\u00e1zala rozhodnout, jak\u00fd typ pr\u00e1ce pro m\u011b bude ten dokonal\u00fd a vhodn\u011bj\u0161\u00ed. A nakonec jsem se rozhodla, \u017ee se budu v\u00edce zam\u011b\u0159ovat na SEO pro wordpress. V\u00edte, bav\u00ed m\u011b ps\u00e1t taky zn\u00e1m v\u00edce ne\u017e z\u00e1kladn\u00ed funkce znalosti na po\u010d\u00edta\u010di.  Finan\u010dn\u011b se taky v tom vyzn\u00e1m, m\u00e1m kurzy pr\u00e1ce s po\u010d\u00edta\u010dem a taky zn\u00e1m Word a dal\u0161\u00ed tabulky. Nav\u00edc m\u00e1 taky m\u00e1m dobr\u00e9 n\u00e1pady, jak t\u0159eba rozjet n\u011b\u010d\u00ed e-shop anebo jak na kvalitn\u00ed reklamu, aby ka\u017ed\u00fd z\u00e1kazn\u00edk a taky prodejce byl spokojen\u00fd. Proto\u017ee chci d\u011blat svou pr\u00e1ci dokonale, tak mi jde o spokojenost na obou str\u00e1nk\u00e1ch. Nespokoj\u00edm se s m\u00e1lem. Pokud jde o SEO a r\u016fzn\u00e9 reklamy a navrhov\u00e1n\u00ed log nebo d\u011blat reklamy, tak jsem velmi ne\u00fastupn\u00e1. A mo\u017en\u00e1 pr\u00e1v\u011b kolegov\u00e9 ze SEO pro wordpress a SEO onlione a z\u00e1kazn\u00edci m\u011b maj\u00ed r\u00e1di, \u017ee jsem opravdu profesion\u00e1l ve sv\u00e9m oboru. Proto\u017ee se znalost\u00ed SEO pro wordpress m\u00e1te velk\u00e9 v\u00fdhody.                                                                                                                                                                                                                                                                                                                                                                                                  "},{"@context":"https:\/\/schema.org\/","@type":"BreadcrumbList","itemListElement":[{"@type":"ListItem","position":1,"name":"Pr\u00e1ce v online sv\u011b","item":"https:\/\/www.reflek.cz\/prace-v-online-sve\/#breadcrumbitem"}]}]