[{"@context":"https:\/\/schema.org\/","@type":"Article","@id":"https:\/\/www.reflek.cz\/s-cim-muzete-pocitat-u-mobilni-drevostavby\/#Article","mainEntityOfPage":"https:\/\/www.reflek.cz\/s-cim-muzete-pocitat-u-mobilni-drevostavby\/","headline":"S \u010d\u00edm m\u016f\u017eete po\u010d\u00edtat u mobiln\u00ed d\u0159evostavby","name":"S \u010d\u00edm m\u016f\u017eete po\u010d\u00edtat u mobiln\u00ed d\u0159evostavby","description":"","datePublished":"2022-07-08","dateModified":"2023-05-18","author":{"@type":"Person","@id":"https:\/\/www.reflek.cz\/author\/#Person","name":"","url":"https:\/\/www.reflek.cz\/author\/","identifier":1,"image":{"@type":"ImageObject","@id":"https:\/\/secure.gravatar.com\/avatar\/f7b3e8bb7f7cc0c6ca940e74a10b952be4c7d81de8a980387c865f88889f02e3?s=96&d=mm&r=g","url":"https:\/\/secure.gravatar.com\/avatar\/f7b3e8bb7f7cc0c6ca940e74a10b952be4c7d81de8a980387c865f88889f02e3?s=96&d=mm&r=g","height":96,"width":96}},"publisher":{"@type":"Organization","name":"reflek.cz","logo":{"@type":"ImageObject","@id":"\/logo.png","url":"\/logo.png","width":600,"height":60}},"image":{"@type":"ImageObject","@id":"https:\/\/www.reflek.cz\/wp-content\/uploads\/dining-room-5574631_640.jpg","url":"https:\/\/www.reflek.cz\/wp-content\/uploads\/dining-room-5574631_640.jpg","height":0,"width":0},"url":"https:\/\/www.reflek.cz\/s-cim-muzete-pocitat-u-mobilni-drevostavby\/","about":["D\u016fm"],"wordCount":0,"articleBody":"   "},{"@context":"https:\/\/schema.org\/","@type":"BreadcrumbList","itemListElement":[{"@type":"ListItem","position":1,"name":"S \u010d\u00edm m\u016f\u017eete po\u010d\u00edtat u mobiln\u00ed d\u0159evostavby","item":"https:\/\/www.reflek.cz\/s-cim-muzete-pocitat-u-mobilni-drevostavby\/#breadcrumbitem"}]}]