[{"@context":"https:\/\/schema.org\/","@type":"Article","@id":"https:\/\/www.reflek.cz\/schodiste-se-pro-vas-muze-stat-vyznamnym-mistem-v-dome\/#Article","mainEntityOfPage":"https:\/\/www.reflek.cz\/schodiste-se-pro-vas-muze-stat-vyznamnym-mistem-v-dome\/","headline":"Schodi\u0161t\u011b se pro v\u00e1s m\u016f\u017ee st\u00e1t v\u00fdznamn\u00fdm m\u00edstem v dom\u011b","name":"Schodi\u0161t\u011b se pro v\u00e1s m\u016f\u017ee st\u00e1t v\u00fdznamn\u00fdm m\u00edstem v dom\u011b","description":"Kdy\u017e o n\u011bkom budete tvrdit, \u201e\u017ee se m\u00e1\u201c, bude to jist\u011b \u0161\u0165astn\u00e1 osoba. M\u016f\u017ee to b\u00fdt v souvislosti s.","datePublished":"2022-07-15","dateModified":"2023-05-18","author":{"@type":"Person","@id":"https:\/\/www.reflek.cz\/author\/#Person","name":"","url":"https:\/\/www.reflek.cz\/author\/","identifier":1,"image":{"@type":"ImageObject","@id":"https:\/\/secure.gravatar.com\/avatar\/f7b3e8bb7f7cc0c6ca940e74a10b952be4c7d81de8a980387c865f88889f02e3?s=96&d=mm&r=g","url":"https:\/\/secure.gravatar.com\/avatar\/f7b3e8bb7f7cc0c6ca940e74a10b952be4c7d81de8a980387c865f88889f02e3?s=96&d=mm&r=g","height":96,"width":96}},"publisher":{"@type":"Organization","name":"reflek.cz","logo":{"@type":"ImageObject","@id":"\/logo.png","url":"\/logo.png","width":600,"height":60}},"image":{"@type":"ImageObject","@id":"https:\/\/www.reflek.cz\/wp-content\/uploads\/stairwell-4676020_640.jpg","url":"https:\/\/www.reflek.cz\/wp-content\/uploads\/stairwell-4676020_640.jpg","height":0,"width":0},"url":"https:\/\/www.reflek.cz\/schodiste-se-pro-vas-muze-stat-vyznamnym-mistem-v-dome\/","wordCount":428,"articleBody":"   Kdy\u017e o n\u011bkom budete tvrdit, \u201e\u017ee se m\u00e1\u201c, bude to jist\u011b \u0161\u0165astn\u00e1 osoba. M\u016f\u017ee to b\u00fdt v souvislosti s nov\u00fdm zam\u011bstn\u00e1n\u00edm ve skv\u011bl\u00e9m kolektivu, s narozen\u00edm zdrav\u00e9ho potomka, se svatbou, kterou uzav\u00edr\u00e1 se svou \u017eivotn\u00ed l\u00e1skou. To v\u0161e jsou d\u016fle\u017eit\u00e9 \u017eivotn\u00ed etapy a v\u00fdhry, kter\u00e9 p\u0159ejeme ka\u017ed\u00e9mu z v\u00e1s, ov\u0161em jistou v\u00fdhrou je i schodi\u0161t\u011b v dom\u011b.Pro\u010d zrovna schodi\u0161t\u011b, kdy\u017e je to n\u011bco tak samoz\u0159ejm\u00e9ho a p\u0159irozen\u00e9ho, a nav\u00edc jej najdete v ka\u017ed\u00e9 v\u00fd\u0161kov\u00e9 budov\u011b, v ka\u017ed\u00e9m panel\u00e1ku na s\u00eddli\u0161ti? Ono je to s t\u011bmi schody tak trochu slo\u017eit\u011bj\u0161\u00ed.Ozdoba domu \u2013 pokud si nech\u00e1te zhotovit schodi\u0161t\u011b na m\u00edru od specializovan\u00e9 firmy, kter\u00e1 se touto \u010dinnost\u00ed zab\u00fdv\u00e1 \u0159adu let, a je dob\u0159e recenzovan\u00e1 na Internetu, po\u010d\u00edtejte s t\u00edm, \u017ee ve spolupr\u00e1ci s bytov\u00fdm architektem \u010di projektantem p\u016fjde o jeden z dominantn\u00edch prvk\u016f v dom\u00e1cnosti.To\u010dit\u00e1, p\u0159\u00edm\u00e1, lomen\u00e1, samonosn\u00e1 \u2013 existuje tolik mo\u017enost\u00ed schodi\u0161\u0165, a\u017e se v\u00e1m z nich zato\u010d\u00ed hlava. Budete muset ze v\u0161ech variant vybrat jen tu jednu \u201epravou\u201c, proto v\u00fdb\u011bru v\u011bnujte dostatek \u010dasu a nerozhodujte se zbrkle a neuv\u00e1\u017eliv\u011b.Schody ale nebudou jen na ozdobu \u2013 jist\u011b, \u017ee schodi\u0161t\u011b KMK design nestav\u00edte jen tak, pro zrakov\u00fd vjem, aby \u0161lo pouze o v\u00fdstavn\u00ed expon\u00e1t, po schodech budete chodit nahoru a dol\u016f, a pr\u00e1v\u011b v t\u00e9 chv\u00edli byste se m\u011bli zastavit a uv\u011bdomit si, co v\u00e1m vlastn\u011b ch\u016fze po schodech p\u0159inese. V prvn\u00ed \u0159ad\u011b v\u00e1m zlep\u0161\u00ed kondici, pos\u00edl\u00ed lymfatick\u00fd syst\u00e9m a ruku v ruce s n\u00edm i p\u0159irozenou imunitu. Mo\u017en\u00e1 se v\u00e1m to nezd\u00e1, ale ch\u016fze po schodech je v tomto ohledu jedn\u00edm z nejzdrav\u011bj\u0161\u00edch pohyb\u016f v\u016fbec. Pokud m\u016f\u017eete, cho\u010fte po schodech denn\u011b alespo\u0148 deset minut, a je-li to re\u00e1ln\u00e9, vyu\u017e\u00edvejte schodi\u0161\u0165 i tam, kde se lid\u00e9 voz\u00ed v\u00fdtahem.Nazna\u010dili jsme tu v p\u0159edchoz\u00edch odstavc\u00edch, \u017ee schodi\u0161t\u011b najdete v ka\u017ed\u00e9m panel\u00e1ku, ale do vy\u0161\u0161\u00edch pater po n\u011bm t\u00e9m\u011b\u0159 nikdo nechod\u00ed a v\u011bt\u0161ina lid\u00ed se voz\u00ed v\u00fdtahem. Kdyby si ka\u017ed\u00fd z nich uv\u011bdomil, jak velkou d\u011bl\u00e1 chybu, v\u00fdtahu by si ani nev\u0161iml.                                                                                                                                                                                                                                                                                                                                                                                                  "},{"@context":"https:\/\/schema.org\/","@type":"BreadcrumbList","itemListElement":[{"@type":"ListItem","position":1,"name":"Schodi\u0161t\u011b se pro v\u00e1s m\u016f\u017ee st\u00e1t v\u00fdznamn\u00fdm m\u00edstem v dom\u011b","item":"https:\/\/www.reflek.cz\/schodiste-se-pro-vas-muze-stat-vyznamnym-mistem-v-dome\/#breadcrumbitem"}]}]