[{"@context":"https:\/\/schema.org\/","@type":"Article","@id":"https:\/\/www.reflek.cz\/seznamujte-se-s-nemocnicemi-v-cele-republice\/#Article","mainEntityOfPage":"https:\/\/www.reflek.cz\/seznamujte-se-s-nemocnicemi-v-cele-republice\/","headline":"Seznamujte se s nemocnicemi v cel\u00e9 republice","name":"Seznamujte se s nemocnicemi v cel\u00e9 republice","description":"M\u00fdl\u00edte se, pokud si mysl\u00edte, \u017ee zaj\u00edmav\u00e9 zam\u011bstn\u00e1n\u00ed najdete jenom v hlavn\u00edm m\u011bst\u011b. V \u010cesk\u00e9 republice se nach\u00e1z\u00ed cel\u00e1.","datePublished":"2024-12-31","dateModified":"2024-12-31","author":{"@type":"Person","@id":"https:\/\/www.reflek.cz\/author\/#Person","name":"","url":"https:\/\/www.reflek.cz\/author\/","identifier":1,"image":{"@type":"ImageObject","@id":"https:\/\/secure.gravatar.com\/avatar\/f7b3e8bb7f7cc0c6ca940e74a10b952be4c7d81de8a980387c865f88889f02e3?s=96&d=mm&r=g","url":"https:\/\/secure.gravatar.com\/avatar\/f7b3e8bb7f7cc0c6ca940e74a10b952be4c7d81de8a980387c865f88889f02e3?s=96&d=mm&r=g","height":96,"width":96}},"publisher":{"@type":"Organization","name":"reflek.cz","logo":{"@type":"ImageObject","@id":"\/logo.png","url":"\/logo.png","width":600,"height":60}},"url":"https:\/\/www.reflek.cz\/seznamujte-se-s-nemocnicemi-v-cele-republice\/","wordCount":159,"articleBody":"M\u00fdl\u00edte se, pokud si mysl\u00edte, \u017ee zaj\u00edmav\u00e9 zam\u011bstn\u00e1n\u00ed najdete jenom v hlavn\u00edm m\u011bst\u011b. V \u010cesk\u00e9 republice se nach\u00e1z\u00ed cel\u00e1 \u0159ada presti\u017en\u00edch zdravotn\u00edch za\u0159\u00edzen\u00ed, je proto u\u017eite\u010dn\u00e9 se s n\u011bkter\u00fdmi sezn\u00e1mit, n\u011bkter\u00e9 jste nav\u0161t\u00edvili patrn\u011b v r\u00e1mci praxe. Pokud je va\u0161\u00ed specializac\u00ed psychiatrie, pak si ur\u010dit\u011b zadejte do googlu l\u00e9ka\u0159 hled\u00e1 pr\u00e1ci Plze\u0148 a vyjede V\u00e1m nab\u00eddka z psychiatrick\u00e9 nemocnice v Dob\u0159anech. Malebn\u00e9 m\u011bste\u010dko bl\u00edzko krajsk\u00e9ho m\u011bsta Ur\u010dit\u011b jste o n\u00ed u\u017e sly\u0161eli. Jedn\u00e1 se o presti\u017en\u00ed l\u00e9\u010debnu, kter\u00e1 m\u00e1 dlouhodobou tradici. Po\u0159\u00e1d\u00e1 se tady festival Mezi ploty, kter\u00fd ur\u010dit\u011b zn\u00e1te. Festival se kon\u00e1 tak\u00e9 v Praze a Plzni. Dob\u0159any jsou malebn\u00e9 m\u011bste\u010dko pouh\u00fdch 14 kilometr\u016f od krajsk\u00e9ho m\u011bsta, tak\u017ee tvo\u0159\u00ed takovou jeho periferii.                                                                                                                                                                                                                                                                                                                                                                                                "},{"@context":"https:\/\/schema.org\/","@type":"BreadcrumbList","itemListElement":[{"@type":"ListItem","position":1,"name":"Seznamujte se s nemocnicemi v cel\u00e9 republice","item":"https:\/\/www.reflek.cz\/seznamujte-se-s-nemocnicemi-v-cele-republice\/#breadcrumbitem"}]}]