[{"@context":"https:\/\/schema.org\/","@type":"Article","@id":"https:\/\/www.reflek.cz\/tichy-provoz-bez-blikani\/#Article","mainEntityOfPage":"https:\/\/www.reflek.cz\/tichy-provoz-bez-blikani\/","headline":"Tich\u00fd provoz bez blik\u00e1n\u00ed","name":"Tich\u00fd provoz bez blik\u00e1n\u00ed","description":"Ka\u017ed\u00fd jist\u011b zn\u00e1 nep\u0159\u00edjemnosti, kter\u00e9 n\u011bkdy prov\u00e1zej\u00ed klasick\u00e9 z\u00e1\u0159ivky. N\u011bkdy vyluzuj\u00ed nep\u0159\u00edjemn\u00e9 bzu\u010div\u00e9 zvuky, jindy blikaj\u00ed, a jejich rozsv\u00edcen\u00ed.","datePublished":"2024-12-18","dateModified":"2024-12-18","author":{"@type":"Person","@id":"https:\/\/www.reflek.cz\/author\/#Person","name":"","url":"https:\/\/www.reflek.cz\/author\/","identifier":1,"image":{"@type":"ImageObject","@id":"https:\/\/secure.gravatar.com\/avatar\/f7b3e8bb7f7cc0c6ca940e74a10b952be4c7d81de8a980387c865f88889f02e3?s=96&d=mm&r=g","url":"https:\/\/secure.gravatar.com\/avatar\/f7b3e8bb7f7cc0c6ca940e74a10b952be4c7d81de8a980387c865f88889f02e3?s=96&d=mm&r=g","height":96,"width":96}},"publisher":{"@type":"Organization","name":"reflek.cz","logo":{"@type":"ImageObject","@id":"\/logo.png","url":"\/logo.png","width":600,"height":60}},"url":"https:\/\/www.reflek.cz\/tichy-provoz-bez-blikani\/","wordCount":167,"articleBody":"Ka\u017ed\u00fd jist\u011b zn\u00e1 nep\u0159\u00edjemnosti, kter\u00e9 n\u011bkdy prov\u00e1zej\u00ed klasick\u00e9 z\u00e1\u0159ivky. N\u011bkdy vyluzuj\u00ed nep\u0159\u00edjemn\u00e9 bzu\u010div\u00e9 zvuky, jindy blikaj\u00ed, a jejich rozsv\u00edcen\u00ed na pln\u00fd v\u00fdkon n\u011bjakou dobu trv\u00e1. D\u00edky technologii polovodi\u010dov\u00e9 diody, kter\u00e1 vyza\u0159uje sv\u011btlo, dovoluje vznik modern\u00edch z\u00e1\u0159ivek, a dal\u0161\u00edch zdroj\u016f sv\u011btla, kter\u00e9 maj\u00ed provoz bez probl\u00e9m\u016f, a vytv\u00e1\u0159ej\u00ed velice p\u0159\u00edjemn\u00e9 sv\u011btlo. LED \u017e\u00e1rovka, bodovka, p\u00e1ska, \u010di z\u00e1\u0159ivka rozsv\u00edt\u00ed interi\u00e9r modern\u00edm zp\u016fsobem.P\u0159\u00edjemn\u00e9 sv\u011btla v\u00fdb\u011br z barevLED \u017e\u00e1rovka vyu\u017e\u00edv\u00e1 ke sv\u00edcen\u00ed nejmodern\u011bj\u0161\u00ed technologii. M\u016f\u017eete si vybrat z mnoha druh\u016f a typ\u016f, sv\u011btlo barevn\u00e9, i b\u00edl\u00e9, s r\u016fzn\u00fdmi n\u00e1dechy. V\u00fdb\u011br je velmi \u0161irok\u00fd. M\u016f\u017eete si po\u0159\u00eddit osv\u011btlen\u00ed nejen interi\u00e9ru, ale i exteri\u00e9ru. Rozsvi\u0165te si ve\u010der okol\u00ed baz\u00e9nu, schodi\u0161t\u011b, terasu, posezen\u00ed, chodn\u00edk, i dal\u0161\u00ed m\u00edsta.                                                                                                                                                                                                                                                                                                                                                                                                 "},{"@context":"https:\/\/schema.org\/","@type":"BreadcrumbList","itemListElement":[{"@type":"ListItem","position":1,"name":"Tich\u00fd provoz bez blik\u00e1n\u00ed","item":"https:\/\/www.reflek.cz\/tichy-provoz-bez-blikani\/#breadcrumbitem"}]}]