[{"@context":"https:\/\/schema.org\/","@type":"Article","@id":"https:\/\/www.reflek.cz\/vypada-to-s-vami-blede\/#Article","mainEntityOfPage":"https:\/\/www.reflek.cz\/vypada-to-s-vami-blede\/","headline":"Vypad\u00e1 to s v\u00e1mi bled\u011b?","name":"Vypad\u00e1 to s v\u00e1mi bled\u011b?","description":"T\u0159eba u\u017e tak\u00e9 pat\u0159\u00edte k t\u011bm, kte\u0159\u00ed se rozhodli podnikat na internetu. A t\u0159eba u\u017e jste si tak\u00e9 po\u0159\u00eddili.","datePublished":"2022-09-29","dateModified":"2023-05-18","author":{"@type":"Person","@id":"https:\/\/www.reflek.cz\/author\/#Person","name":"","url":"https:\/\/www.reflek.cz\/author\/","identifier":1,"image":{"@type":"ImageObject","@id":"https:\/\/secure.gravatar.com\/avatar\/f7b3e8bb7f7cc0c6ca940e74a10b952be4c7d81de8a980387c865f88889f02e3?s=96&d=mm&r=g","url":"https:\/\/secure.gravatar.com\/avatar\/f7b3e8bb7f7cc0c6ca940e74a10b952be4c7d81de8a980387c865f88889f02e3?s=96&d=mm&r=g","height":96,"width":96}},"publisher":{"@type":"Organization","name":"reflek.cz","logo":{"@type":"ImageObject","@id":"\/logo.png","url":"\/logo.png","width":600,"height":60}},"image":{"@type":"ImageObject","@id":"https:\/\/www.reflek.cz\/wp-content\/uploads\/hled%C3%A1n%C3%AD%20na%20netu_5.jpg","url":"https:\/\/www.reflek.cz\/wp-content\/uploads\/hled%C3%A1n%C3%AD%20na%20netu_5.jpg","height":0,"width":0},"url":"https:\/\/www.reflek.cz\/vypada-to-s-vami-blede\/","about":["Business"],"wordCount":408,"articleBody":"        T\u0159eba u\u017e tak\u00e9 pat\u0159\u00edte k t\u011bm, kte\u0159\u00ed se rozhodli podnikat na internetu. A t\u0159eba u\u017e jste si tak\u00e9 po\u0159\u00eddili web a \u010dekali, a\u017e se v\u00e1m na n\u011bm objev\u00ed po\u010detn\u00e1 koup\u011bchtiv\u00e1 klientela. A t\u0159eba to tak\u00e9 nedopadlo tak, jak jste si to zprvu p\u0159edstavovali, a nam\u00edsto toho, aby se k v\u00e1m pen\u00edze jenom hrnuly, jste jich z\u00edskali jenom poskrovnu, pokud tedy v\u016fbec. A mo\u017en\u00e1 tento nelichotiv\u00fd trend dosud neskon\u010dil, t\u0159eba neslav\u00edte se sv\u00fdm internetov\u00fdm podnik\u00e1n\u00edm \u00fasp\u011bchy doposud. Je tomu tak? A ani trochu se v\u00e1m to nezamlouv\u00e1? Nediv\u00edm se. N\u011bco takov\u00e9ho by nebylo p\u0159\u00edjemn\u00e9 nikomu. Jen\u017ee pro mnoh\u00e9 internetov\u00e9 podnikatele je to bohu\u017eel realita. Mnoz\u00ed z takov\u00fdch podnikatel\u016f se pot\u00fdkaj\u00ed na sv\u00e9m webu s nedostatkem n\u00e1v\u0161t\u011bvnosti a v souvislosti s touto nep\u0159\u00edjemnost\u00ed i s n\u00edzk\u00fdmi p\u0159\u00edjmy.  Cht\u011blo by to n\u011bco vylep\u0161it. Jen\u017ee jak? To lid\u00e9, kte\u0159\u00ed se se sv\u00fdm webem st\u00e1le nedok\u00e1\u017eou prosadit, zjevn\u011b nev\u011bd\u00ed. Proto\u017ee kdyby to v\u011bd\u011bli, n\u011bco by s t\u00edm ud\u011blali. A co? Ur\u010dit\u011b by se zaj\u00edmali o optimalizaci pro internetov\u00e9 vyhled\u00e1va\u010de, kterou by svou nep\u0159\u00edznivou situaci zvr\u00e1tili. Takov\u00ed by si ur\u010dit\u011b dop\u0159\u00e1li v oblasti takov\u00e9 SEO (optimalizace) test, aby zv\u011bd\u011bli, jak se v\u011bci maj\u00ed, a pak se pokusili napravit v\u0161e, co se napravit d\u00e1.  A kdy\u017e je pak pro n\u011bkter\u00e9ho podnikatele optimalizace pro internetov\u00e9 vyhled\u00e1va\u010de \u017e\u00e1douc\u00ed nebo i vysloven\u011b nezbytn\u00e1? Pak nen\u00ed t\u0159eba b\u011bhat po na\u0161ich v\u011bt\u0161\u00edch m\u011bstech a hledat n\u011bkoho, kdo by pomoc s optimalizac\u00ed nab\u00edzel a byl ochoten a schopen pomoci. Proto\u017ee ona se d\u00e1 zvl\u00e1dnout takov\u00e1 SEO online, tedy p\u0159es internet. Na \u010dem\u017e nen\u00ed nic divn\u00e9ho, proto\u017ee by bylo podivn\u00e9, kdyby se optimalizovalo pro internet a sou\u010dasn\u011b se to p\u0159es internet nedalo vy\u0159\u00eddit. A tak si sta\u010d\u00ed naj\u00edt na s\u00edti vhodnou pomoc s optimalizac\u00ed pro internetov\u00e9 vyhled\u00e1va\u010de a vsadit na ni. Proto\u017ee d\u00edky n\u00ed lze dos\u00e1hnout s webem lep\u0161\u00ed pozice v internetov\u00fdch vyhled\u00e1va\u010d\u00edch a t\u00edm i pot\u0159ebn\u00e9ho z\u00e1jmu ve\u0159ejnosti.                                                                                                                                                                                                                                                                                                                                                                                                  "},{"@context":"https:\/\/schema.org\/","@type":"BreadcrumbList","itemListElement":[{"@type":"ListItem","position":1,"name":"Vypad\u00e1 to s v\u00e1mi bled\u011b?","item":"https:\/\/www.reflek.cz\/vypada-to-s-vami-blede\/#breadcrumbitem"}]}]